{"id":1115,"date":"2026-08-26T13:41:34","date_gmt":"2026-08-26T10:41:34","guid":{"rendered":"https:\/\/fleetintelligence.com.tr\/blog\/?p=1115"},"modified":"2026-08-27T12:05:22","modified_gmt":"2026-08-27T09:05:22","slug":"arac-kiralama-yonetmeligi","status":"publish","type":"post","link":"https:\/\/fleetintelligence.com.tr\/blog\/arac-kiralama-yonetmeligi\/","title":{"rendered":"Ara\u00e7 Kiralama Y\u00f6netmeli\u011fi: Yeni Kurallar ve Filolara Etkisi"},"content":{"rendered":"\t\t<div data-elementor-type=\"wp-post\" data-elementor-id=\"1115\" class=\"elementor elementor-1115\" data-elementor-post-type=\"post\">\n\t\t\t\t<div class=\"elementor-element elementor-element-56da662 e-flex e-con-boxed e-con e-parent\" data-id=\"56da662\" data-element_type=\"container\" data-e-type=\"container\" data-settings=\"{&quot;ekit_has_onepagescroll_dot&quot;:&quot;yes&quot;}\">\n\t\t\t\t\t<div class=\"e-con-inner\">\n\t\t\t\t<div class=\"elementor-element elementor-element-b96a3b1 elementor-widget elementor-widget-html\" data-id=\"b96a3b1\" data-element_type=\"widget\" data-e-type=\"widget\" data-settings=\"{&quot;ekit_we_effect_on&quot;:&quot;none&quot;}\" data-widget_type=\"html.default\">\n\t\t\t\t<div class=\"elementor-widget-container\">\n\t\t\t\t\t\r\n<p>Ticaret Bakanl\u0131\u011f\u0131 taraf\u0131ndan haz\u0131rlanan Motorlu Kara Ta\u015f\u0131tlar\u0131n\u0131n Kiralanmas\u0131 Hakk\u0131nda Y\u00f6netmelik, Resmi Gazete'de yay\u0131mland\u0131. Yeni ara\u00e7 kiralama y\u00f6netmeli\u011fi 1 Ocak 2027 tarihinde y\u00fcr\u00fcrl\u00fc\u011fe girecek ve kiralamaya konu ara\u00e7lar\u0131n ya\u015f\u0131ndan kilometresine, i\u015fletmelerin yetki belgesinden depozito iadesine kadar geni\u015f bir alan\u0131 yeniden d\u00fczenleyecek.<\/p>\r\n \r\n<p>D\u00fczenlemeyi haberlerden takip eden kurumsal filo y\u00f6neticilerinin ilk sorusu \u015fu oluyor: Yeni ara\u00e7 kiralama y\u00f6netmeli\u011fi bizim filomuzu da ba\u011fl\u0131yor mu? Cevap, y\u00f6netmeli\u011fin kapsam maddesinde sakl\u0131 ve haberlerin b\u00fcy\u00fck b\u00f6l\u00fcm\u00fcnde atlan\u0131yor. Bu yaz\u0131da \u00f6nce d\u00fczenlemenin getirdi\u011fi kurallar\u0131 madde madde aktar\u0131yor, ard\u0131ndan kurumsal filo kiralama a\u00e7\u0131s\u0131ndan ne anlama geldi\u011fini de\u011ferlendiriyoruz.<\/p>\r\n \r\n<h2>Ara\u00e7 kiralama y\u00f6netmeli\u011fi nedir?<\/h2>\r\n \r\n<p>Motorlu Kara Ta\u015f\u0131tlar\u0131n\u0131n Kiralanmas\u0131 Hakk\u0131nda Y\u00f6netmelik, ara\u00e7 kiralama sekt\u00f6r\u00fcnde faaliyet g\u00f6steren i\u015fletmelerin \u00e7al\u0131\u015fma \u015fartlar\u0131n\u0131, kiralamaya konu ara\u00e7lar\u0131n ta\u015f\u0131mas\u0131 gereken nitelikleri ve t\u00fcketiciyle kurulan s\u00f6zle\u015fme ili\u015fkisini tek bir \u00e7er\u00e7evede toplayan ilk kapsaml\u0131 d\u00fczenleme.<\/p>\r\n \r\n<p>Ticaret Bakanl\u0131\u011f\u0131 d\u00fczenlemenin gerek\u00e7esini \u00fc\u00e7 ba\u015fl\u0131kta topluyor: ara\u00e7 kiralama sekt\u00f6r\u00fcnde hizmet kalitesini y\u00fckseltmek, kay\u0131t d\u0131\u015f\u0131l\u0131\u011f\u0131n \u00f6n\u00fcne ge\u00e7mek ve haks\u0131z rekabeti engellemek.<\/p>\r\n \r\n<p>Bu \u00fc\u00e7 ba\u015fl\u0131k sekt\u00f6r\u00fcn uzun s\u00fcredir konu\u015ftu\u011fu sorunlara i\u015faret ediyor. Yetkisiz i\u015fletmelerin piyasada faaliyet g\u00f6stermesi, bak\u0131ms\u0131z ve y\u00fcksek kilometreli ara\u00e7lar\u0131n kiraya verilmesi, depozito iadelerinde ya\u015fanan anla\u015fmazl\u0131klar ve t\u00fcketicinin kar\u015f\u0131s\u0131na \u00e7\u0131kan belirsiz s\u00f6zle\u015fme \u015fartlar\u0131 y\u0131llard\u0131r \u015fik\u00e2yet konusu. Yeni y\u00f6netmelik bu alanlar\u0131n her birine somut kural getiriyor.<\/p>\r\n \r\n<h2>Y\u00f6netmelik kimleri kaps\u0131yor?<\/h2>\r\n \r\n<p>Bu b\u00f6l\u00fcm, d\u00fczenlemenin en kritik ve en \u00e7ok yanl\u0131\u015f anla\u015f\u0131lan k\u0131sm\u0131.<\/p>\r\n \r\n<p>Y\u00f6netmelik, <strong>t\u00fcketiciler taraf\u0131ndan ger\u00e7ekle\u015ftirilen ara\u00e7 kiralama i\u015flemlerini<\/strong> kaps\u0131yor. Yani arac\u0131 ki\u015fisel ihtiyac\u0131 i\u00e7in, ticari olmayan bir ama\u00e7la kiralayan bireysel m\u00fc\u015fteriler d\u00fczenlemenin muhatab\u0131. Kiralama i\u015fletmesi taraf\u0131nda ise ticari faaliyet kapsam\u0131nda ara\u00e7 kiralayan t\u00fcm \u015firketler kapsama giriyor.<\/p>\r\n \r\n<h3>Kapsam d\u0131\u015f\u0131nda kalan kiralamalar<\/h3>\r\n \r\n<p>Y\u00f6netmelik metni \u00fc\u00e7 kiralama t\u00fcr\u00fcn\u00fc a\u00e7\u0131k\u00e7a kapsam d\u0131\u015f\u0131nda b\u0131rak\u0131yor:<\/p>\r\n \r\n<ul>\r\n<li>Kirac\u0131s\u0131 t\u00fcketici olmayan k\u0131sa s\u00fcreli ara\u00e7 kiralamalar<\/li>\r\n<li>Uzun s\u00fcreli ara\u00e7 kiralamalar<\/li>\r\n<li>Kamp ta\u015f\u0131t\u0131 kiralamalar\u0131<\/li>\r\n<\/ul>\r\n \r\n<p>Bu ayr\u0131m kurumsal filo kiralama a\u00e7\u0131s\u0131ndan belirleyici. \u015eirketlerin operasyonel kiralama yoluyla temin etti\u011fi uzun d\u00f6nem ara\u00e7lar, hem kirac\u0131s\u0131 t\u00fcketici olmad\u0131\u011f\u0131 hem de kiralama uzun s\u00fcreli oldu\u011fu i\u00e7in iki ayr\u0131 gerek\u00e7eyle y\u00f6netmeli\u011fin do\u011frudan muhatab\u0131 de\u011fil.<\/p>\r\n \r\n<p>Ancak kapsam d\u0131\u015f\u0131 olmak, etkilenmemek anlam\u0131na gelmiyor. Yeni ara\u00e7 kiralama y\u00f6netmeli\u011finin sekt\u00f6r\u00fcn tamam\u0131n\u0131 ilgilendiren dolayl\u0131 sonu\u00e7lar\u0131n\u0131 yaz\u0131n\u0131n ilerleyen b\u00f6l\u00fcm\u00fcnde ayr\u0131ca ele al\u0131yoruz.<\/p>\r\n \r\n<h2>Kiralanacak ara\u00e7larda aranan \u015fartlar<\/h2>\r\n \r\n<p>D\u00fczenlemenin en \u00e7ok konu\u015fulan ba\u015fl\u0131\u011f\u0131, kiraya verilecek ara\u00e7lar\u0131n ta\u015f\u0131mas\u0131 gereken nitelikler. Bu \u015fartlar\u0131n tamam\u0131 birlikte sa\u011flanmak zorunda; bir arac\u0131n kiralamaya uygun say\u0131lmas\u0131 i\u00e7in ya\u015f, kilometre, bak\u0131m ve hasar kriterlerinin hepsini kar\u015f\u0131lamas\u0131 gerekiyor.<\/p>\r\n \r\n<h3>Ara\u00e7 kiralamada ya\u015f s\u0131n\u0131r\u0131<\/h3>\r\n \r\n<p>Klasik ta\u015f\u0131tlar hari\u00e7 olmak \u00fczere 6 ya\u015f\u0131ndan b\u00fcy\u00fck ara\u00e7lar\u0131n kiralanmas\u0131 yasaklan\u0131yor. Klasik ara\u00e7lar i\u00e7in tan\u0131nan istisna, koleksiyon ve \u00f6zel kiralama faaliyetlerinin d\u00fczenleme d\u0131\u015f\u0131nda kalmas\u0131n\u0131 sa\u011fl\u0131yor.<\/p>\r\n \r\n<p>6 ya\u015f e\u015fi\u011fi, k\u0131sa d\u00f6nem kiralama filolar\u0131nda yayg\u0131n olan uzun kullan\u0131m \u00f6mr\u00fc prati\u011fini do\u011frudan hedefliyor. Bug\u00fcne kadar filoda 8-10 y\u0131l tutulan ara\u00e7lar, yeni y\u00f6netmelikle birlikte belirli bir tarihten sonra kiralamada kullan\u0131lamayacak.<\/p>\r\n \r\n<h3>Kiral\u0131k ara\u00e7larda kilometre s\u0131n\u0131r\u0131<\/h3>\r\n \r\n<p>180 bin kilometrenin \u00fczerindeki ara\u00e7lar kiralanamayacak. Elektrikli ara\u00e7lar i\u00e7in kilometre s\u0131n\u0131r\u0131 300 bin olarak belirlendi.<\/p>\r\n \r\n<p>Elektrikli ara\u00e7lara daha y\u00fcksek bir e\u015fik tan\u0131nmas\u0131n\u0131n teknik bir gerek\u00e7esi var: elektrikli aktarma organlar\u0131 i\u00e7ten yanmal\u0131 motorlara k\u0131yasla \u00e7ok daha az hareketli par\u00e7a i\u00e7eriyor ve a\u015f\u0131nmaya ba\u011fl\u0131 ar\u0131za riski daha d\u00fc\u015f\u00fck. Bu ara\u00e7larda belirleyici olan kilometreden \u00e7ok batarya sa\u011fl\u0131\u011f\u0131 oluyor.<\/p>\r\n \r\n<h3>Bak\u0131m ve a\u011f\u0131r hasar kayd\u0131 \u015fart\u0131<\/h3>\r\n \r\n<p>Periyodik bak\u0131mlar\u0131 zaman\u0131nda yapt\u0131r\u0131lmayan ara\u00e7lar ile a\u011f\u0131r hasar kayd\u0131 bulunan ara\u00e7lar\u0131n kiraya verilmesi yasaklan\u0131yor.<\/p>\r\n \r\n<p>Bu madde, ya\u015f ve kilometre s\u0131n\u0131r\u0131n\u0131 sa\u011flaman\u0131n tek ba\u015f\u0131na yeterli olmad\u0131\u011f\u0131 anlam\u0131na geliyor. 3 ya\u015f\u0131nda ve 90 bin kilometrede bir ara\u00e7 dahi, servis bak\u0131mlar\u0131 aksat\u0131lm\u0131\u015fsa ya da kay\u0131tlar\u0131nda a\u011f\u0131r hasar g\u00f6r\u00fcn\u00fcyorsa kiralamaya uygun say\u0131lmayacak. Ara\u00e7 kiralama i\u015fletmeleri a\u00e7\u0131s\u0131ndan bu, servis ge\u00e7mi\u015finin belgelenebilir \u015fekilde tutulmas\u0131n\u0131 zorunlu k\u0131l\u0131yor.<\/p>\r\n \r\n<h3>Asgari ta\u015f\u0131t say\u0131s\u0131 \u015fart\u0131<\/h3>\r\n \r\n<p>Y\u00f6netmelik, ara\u00e7 kiralama i\u015fletmelerinin bulundurmas\u0131 gereken asgari ara\u00e7 say\u0131s\u0131n\u0131 da belirliyor. Bu madde \u00f6zellikle tek ya da birka\u00e7 ara\u00e7la faaliyet g\u00f6steren k\u00fc\u00e7\u00fck \u00f6l\u00e7ekli i\u015fletmeleri do\u011frudan etkileyecek ve sekt\u00f6rdeki i\u015fletme say\u0131s\u0131nda belirgin bir azalmaya yol a\u00e7mas\u0131 bekleniyor.<\/p>\r\n \r\n<h2>Ara\u00e7 kiralama yetki belgesi zorunlulu\u011fu<\/h2>\r\n \r\n<p>Ticari faaliyet kapsam\u0131nda ara\u00e7 kiralayan i\u015fletmelerin yetki belgesi almas\u0131 zorunlu hale geliyor. Yetki belgesi olmayan i\u015fletmeler 1 Temmuz 2027'den sonra ara\u00e7 kiralama faaliyeti y\u00fcr\u00fctemeyecek.<\/p>\r\n \r\n<h3>Yetki belgesi \u015fartlar\u0131<\/h3>\r\n \r\n<ul>\r\n<li>\u0130\u015fletmenin ilgili meslek odas\u0131na kay\u0131tl\u0131 olmas\u0131<\/li>\r\n<li>Vergi m\u00fckellefi olmas\u0131<\/li>\r\n<li>\u0130\u015f yerinin ikamet ama\u00e7l\u0131 ya da y\u00f6netmelikte say\u0131lanlar d\u0131\u015f\u0131ndaki mesleki veya ticari faaliyetler i\u00e7in kullan\u0131lmamas\u0131<\/li>\r\n<\/ul>\r\n \r\n<p>Son madde, konut adresinden ya da ba\u015fka bir i\u015fletmenin k\u00f6\u015fesinden y\u00fcr\u00fct\u00fclen ara\u00e7 kiralama faaliyetlerini fiilen sona erdiriyor.<\/p>\r\n \r\n<h3>\u0130\u015fletme sorumlusu \u015fartlar\u0131<\/h3>\r\n \r\n<p>Yetki belgesi yaln\u0131zca i\u015fletmeyle ilgili de\u011fil, i\u015fletme sorumlusunun niteli\u011fiyle de ilgili. Sorumlu ki\u015finin en az ilk\u00f6\u011fretim mezunu olmas\u0131, y\u00f6netmelikte say\u0131lan belirli su\u00e7lardan h\u00fck\u00fcm giymemi\u015f bulunmas\u0131 ve Mesleki Yeterlilik Kurumu onayl\u0131 Seviye 4 mesleki yeterlilik belgesine sahip olmas\u0131 gerekiyor.<\/p>\r\n \r\n<p>Bu \u015fartlar bir arada de\u011ferlendirildi\u011finde, ara\u00e7 kiralama sekt\u00f6r\u00fcnde uzun s\u00fcredir \"merdiven alt\u0131\" olarak tan\u0131mlanan yap\u0131lar\u0131n faaliyetine ciddi bir engel \u00e7\u0131kt\u0131\u011f\u0131 g\u00f6r\u00fcl\u00fcyor.<\/p>\r\n \r\n<h2>Motorlu Kara Ta\u015f\u0131t\u0131 Kiralama Bilgi Sistemi<\/h2>\r\n \r\n<p>Ticaret Bakanl\u0131\u011f\u0131, ara\u00e7 kiralama faaliyetlerinin ve kiralamaya konu ara\u00e7lar\u0131n takibi i\u00e7in merkezi bir bilgi sistemi kuracak. Motorlu Kara Ta\u015f\u0131t\u0131 Kiralama Bilgi Sistemi'nin 1 Ocak 2027 tarihine kadar haz\u0131r olmas\u0131 \u00f6ng\u00f6r\u00fcl\u00fcyor.<\/p>\r\n \r\n<p>Yetki belgesi ba\u015fvurular\u0131 ve belgeye ili\u015fkin di\u011fer i\u015flemler bu sistem \u00fczerinden y\u00fcr\u00fct\u00fclecek. Sistemin varl\u0131\u011f\u0131 d\u00fczenlemenin k\u00e2\u011f\u0131t \u00fczerinde kalmamas\u0131 a\u00e7\u0131s\u0131ndan kritik; ara\u00e7 niteliklerinin ve i\u015fletme yetkilerinin merkezi olarak izlenebilir olmas\u0131, denetimi sahada tek tek kontrol etmeye ba\u011fl\u0131 olmaktan \u00e7\u0131kar\u0131yor.<\/p>\r\n \r\n<h2>\u0130lan platformlar\u0131 i\u00e7in y\u00fck\u00fcml\u00fcl\u00fckler<\/h2>\r\n \r\n<p>Yeni ara\u00e7 kiralama y\u00f6netmeli\u011fi yaln\u0131zca kiralama \u015firketlerini de\u011fil, kiralama ilanlar\u0131n\u0131n yay\u0131mland\u0131\u011f\u0131 \u00e7evrimi\u00e7i platformlar\u0131 da kaps\u0131yor.<\/p>\r\n \r\n<p>Yetki belgesi bulunmayan i\u015fletmelerin bu platformlara \u00fcye olmas\u0131 ve ilan vermesi engellenecek. B\u00f6ylece t\u00fcketicinin internet \u00fczerinden yapt\u0131\u011f\u0131 ara\u00e7 kiralama i\u015flemlerinde de ayn\u0131 koruma sa\u011flanm\u0131\u015f olacak. Bu madde, denetimin yaln\u0131zca fiziksel i\u015f yerleriyle s\u0131n\u0131rl\u0131 kalmas\u0131n\u0131 \u00f6nleyen tamamlay\u0131c\u0131 bir mekanizma.<\/p>\r\n \r\n<p>Platformlar ile kiralama i\u015fletmeleri aras\u0131nda y\u00f6netmeli\u011fin y\u00fcr\u00fcrl\u00fc\u011fe girmesinden \u00f6nce imzalanm\u0131\u015f s\u00f6zle\u015fmelerin 1 Temmuz 2027 tarihine kadar y\u00f6netmeli\u011fe uygun hale getirilmesi gerekiyor.<\/p>\r\n \r\n<h2>Depozito \u00fcst s\u0131n\u0131r\u0131 ve iade kurallar\u0131<\/h2>\r\n \r\n<p>Ara\u00e7 kiralamada en s\u0131k ya\u015fanan anla\u015fmazl\u0131k konular\u0131ndan biri olan depozito, art\u0131k \u00fcst s\u0131n\u0131ra ba\u011flan\u0131yor.<\/p>\r\n \r\n<figure class=\"wp-block-table\">\r\n<table>\r\n<thead>\r\n<tr><th>Kiralama s\u00fcresi<\/th><th>Depozito \u00fcst s\u0131n\u0131r\u0131<\/th><\/tr>\r\n<\/thead>\r\n<tbody>\r\n<tr><td>7 g\u00fcne kadar<\/td><td>3 g\u00fcnl\u00fck kira bedeli<\/td><\/tr>\r\n<tr><td>29 g\u00fcne kadar<\/td><td>7 g\u00fcnl\u00fck kira bedeli<\/td><\/tr>\r\n<\/tbody>\r\n<\/table>\r\n<\/figure>\r\n \r\n<p>Depozitonun iadesi de s\u00fcreye ba\u011flan\u0131yor. Ge\u00e7mi\u015fte kredi kart\u0131ndan al\u0131nan provizyonlar\u0131n uzun s\u00fcre bloke kalmas\u0131 ve zaman\u0131nda iade edilmemesi yayg\u0131n bir \u015fik\u00e2yet konusuydu; yeni d\u00fczenlemeyle iade s\u00fcresi yaz\u0131l\u0131 hale geliyor ve gecikme yapt\u0131r\u0131ma tabi olacak.<\/p>\r\n \r\n<p>Bir di\u011fer \u00f6nemli madde normal kullan\u0131mdan kaynaklanan y\u0131pranmalarla ilgili. Arac\u0131n ola\u011fan kullan\u0131m\u0131 sonucu ortaya \u00e7\u0131kan a\u015f\u0131nmalar i\u00e7in m\u00fc\u015fteriden ek \u00fccret talep edilemeyecek. K\u00fc\u00e7\u00fck \u00e7izikler, lastik a\u015f\u0131nmas\u0131 ve i\u00e7 mek\u00e2ndaki normal kullan\u0131m izleri bu kapsamda de\u011ferlendirilecek. Bu madde, ara\u00e7 teslimi s\u0131ras\u0131nda ya\u015fanan tart\u0131\u015fmalar\u0131n b\u00fcy\u00fck b\u00f6l\u00fcm\u00fcn\u00fc ortadan kald\u0131racak nitelikte.<\/p>\r\n \r\n<h2>Y\u00f6netmelik ge\u00e7i\u015f takvimi<\/h2>\r\n \r\n<p>Sekt\u00f6re uyum i\u00e7in kademeli bir takvim tan\u0131mland\u0131. \u0130\u015fletmelerin t\u00fcm y\u00fck\u00fcml\u00fcl\u00fckleri ayn\u0131 anda yerine getirmesi beklenmiyor.<\/p>\r\n \r\n<figure class=\"wp-block-table\">\r\n<table>\r\n<thead>\r\n<tr><th>Tarih<\/th><th>Y\u00fck\u00fcml\u00fcl\u00fck<\/th><\/tr>\r\n<\/thead>\r\n<tbody>\r\n<tr><td>1 Ocak 2027<\/td><td>Y\u00f6netmelik y\u00fcr\u00fcrl\u00fc\u011fe giriyor, Kiralama Bilgi Sistemi kuruluyor<\/td><\/tr>\r\n<tr><td>1 Temmuz 2027<\/td><td>Mevcut i\u015fletmeler i\u00e7in yetki belgesi alma son tarihi<\/td><\/tr>\r\n<tr><td>1 Temmuz 2027<\/td><td>Platform s\u00f6zle\u015fmelerinin y\u00f6netmeli\u011fe uyumlu hale getirilmesi<\/td><\/tr>\r\n<tr><td>1 Ocak 2028<\/td><td>Asgari ta\u015f\u0131t say\u0131s\u0131 ve ara\u00e7 niteliklerine uyum son tarihi<\/td><\/tr>\r\n<\/tbody>\r\n<\/table>\r\n<\/figure>\r\n \r\n<p>Ara\u00e7 ya\u015f\u0131 ve kilometre \u015fartlar\u0131na uyum i\u00e7in 1 Ocak 2028'e kadar s\u00fcre tan\u0131nm\u0131\u015f olmas\u0131, sekt\u00f6re filo yenilemesi i\u00e7in yakla\u015f\u0131k bir bu\u00e7uk y\u0131ll\u0131k bir pencere a\u00e7\u0131yor. Bu takvim, d\u00fczenlemenin sekt\u00f6rde ani bir daralma yaratmas\u0131n\u0131 \u00f6nlemeyi ama\u00e7l\u0131yor.<\/p>\r\n \r\n<h2>Y\u00f6netmeli\u011fin kurumsal filo kiralamaya etkisi<\/h2>\r\n \r\n<p>Yaz\u0131n\u0131n ba\u015f\u0131nda belirtti\u011fimiz gibi, kurumsal uzun d\u00f6nem ara\u00e7 kiralama y\u00f6netmeli\u011fin do\u011frudan kapsam\u0131nda de\u011fil. Ancak ara\u00e7 kiralama sekt\u00f6r\u00fcn\u00fcn tamam\u0131n\u0131 ilgilendiren d\u00f6rt dolayl\u0131 etki, filo y\u00f6neticilerinin \u00f6n\u00fcm\u00fczdeki iki y\u0131ll\u0131k g\u00fcndemine girecek:<\/p>\r\n \r\n<ol>\r\n<li>K\u0131sa d\u00f6nem filolarda ara\u00e7 yenileme dalgas\u0131<\/li>\r\n<li>\u0130kinci el piyasas\u0131na gelecek filo arz\u0131<\/li>\r\n<li>Bak\u0131m ve hasar y\u00f6netiminin standartla\u015fmas\u0131<\/li>\r\n<li>Kurumsal ve bireysel kiralama ayr\u0131m\u0131n\u0131n netle\u015fmesi<\/li>\r\n<\/ol>\r\n \r\n<h3>Filolarda ara\u00e7 yenileme dalgas\u0131<\/h3>\r\n \r\n<p>6 ya\u015f ve 180 bin kilometre e\u015fi\u011fi, k\u0131sa d\u00f6nem kiralama filolar\u0131n\u0131n \u00f6nemli bir b\u00f6l\u00fcm\u00fcn\u00fc kapsam d\u0131\u015f\u0131na itiyor. \u0130\u015fletmeler 1 Ocak 2028'e kadar bu ara\u00e7lar\u0131 filodan \u00e7\u0131karmak ve yerine yenilerini koymak zorunda.<\/p>\r\n \r\n<p>Bu, 2027 boyunca s\u0131f\u0131r ara\u00e7 talebinde ve filo yenileme hacminde belirgin bir art\u0131\u015f anlam\u0131na geliyor. Kurumsal ara\u00e7 kiralama taraf\u0131nda tedarik planlamas\u0131 yapan \u015firketler i\u00e7in teslim s\u00fcrelerinin uzayabilece\u011fi, pop\u00fcler segmentlerde bulunabilirli\u011fin daralabilece\u011fi bir d\u00f6nem. Filo yenileme takvimini 2027'ye denk getiren \u015firketlerin s\u00f6zle\u015fmelerini erken ba\u011flamas\u0131 avantaj sa\u011flayabilir.<\/p>\r\n \r\n<h3>\u0130kinci el piyasas\u0131na filo arz\u0131<\/h3>\r\n \r\n<p>Kiralama filolar\u0131ndan \u00e7\u0131kacak ara\u00e7lar ikinci el piyasas\u0131na y\u00f6nelecek. Y\u00fcksek kilometreli, d\u00fczenli bak\u0131ml\u0131 ancak yeni y\u00f6netmelik kriterlerine g\u00f6re kiralamaya art\u0131k uygun olmayan ara\u00e7lar\u0131n olu\u015fturdu\u011fu bu arz, belirli segmentlerde fiyat dengesini etkileyebilir.<\/p>\r\n \r\n<p>Filo yenileme d\u00f6nemindeki \u015firketler a\u00e7\u0131s\u0131ndan bu, elden \u00e7\u0131karma zamanlamas\u0131n\u0131n \u00f6nem kazand\u0131\u011f\u0131 bir tablo olu\u015fturuyor. Arz\u0131n yo\u011funla\u015faca\u011f\u0131 2027 sonu yerine daha erken bir sat\u0131\u015f penceresi, ara\u00e7 ba\u015f\u0131na daha iyi bir geri d\u00f6n\u00fc\u015f anlam\u0131na gelebilir.<\/p>\r\n \r\n<h3>Bak\u0131m ve hasar y\u00f6netiminin standartla\u015fmas\u0131<\/h3>\r\n \r\n<p>Periyodik bak\u0131m\u0131 aksat\u0131lm\u0131\u015f ya da a\u011f\u0131r hasar kayd\u0131 olan ara\u00e7lar\u0131n kiralanamayacak olmas\u0131, servis ge\u00e7mi\u015finin belgelenmesini zorunlu k\u0131l\u0131yor. Bug\u00fcne kadar iyi uygulama say\u0131lan d\u00fczenli bak\u0131m takibi, art\u0131k yasal bir uyum \u015fart\u0131na d\u00f6n\u00fc\u015f\u00fcyor.<\/p>\r\n \r\n<p>Operasyonel kiralama modeliyle \u00e7al\u0131\u015fan \u015firketler bu konuda avantajl\u0131 konumda; bak\u0131m, servis ve hasar y\u00f6netimi zaten kiralama \u015firketinin sorumlulu\u011funda ve kay\u0131t alt\u0131nda y\u00fcr\u00fcyor. Kendi filosunu sat\u0131n alarak y\u00f6neten \u015firketlerin ise bu s\u00fcre\u00e7leri kendi b\u00fcnyelerinde kurmas\u0131 gerekiyor.<\/p>\r\n \r\n<h3>Kurumsal ve bireysel kiralama ayr\u0131m\u0131<\/h3>\r\n \r\n<p>Y\u00f6netmelik, t\u00fcketici kiralamalar\u0131n\u0131 ayr\u0131 bir rejime tabi tutarak iki alan\u0131 hukuken birbirinden ay\u0131r\u0131yor. Bu, kurumsal filo kiralaman\u0131n kendi dinamikleri olan ve s\u00f6zle\u015fme serbestisinin daha geni\u015f oldu\u011fu bir alan olarak konumlanmas\u0131n\u0131 sa\u011fl\u0131yor.<\/p>\r\n \r\n<p>\u015eirketler a\u00e7\u0131s\u0131ndan pratik sonu\u00e7 \u015fu: uzun d\u00f6nem ara\u00e7 kiralama s\u00f6zle\u015fmelerinde ara\u00e7 ya\u015f\u0131, kilometre limiti, bak\u0131m kapsam\u0131, hasar sorumlulu\u011fu ve s\u00f6zle\u015fme sonu \u015fartlar\u0131 y\u00f6netmelikle de\u011fil, taraflar aras\u0131ndaki s\u00f6zle\u015fmeyle belirlenmeye devam edecek. Y\u00f6netmeli\u011fin sa\u011flad\u0131\u011f\u0131 koruma otomatik olarak devreye girmedi\u011fi i\u00e7in, bu ba\u015fl\u0131klar\u0131n s\u00f6zle\u015fme a\u015famas\u0131nda ayr\u0131nt\u0131l\u0131 \u015fekilde m\u00fczakere edilmesi \u00f6nem ta\u015f\u0131yor.<\/p>\r\n \r\n<h2>S\u0131k sorulan sorular<\/h2>\r\n \r\n<h3>Yeni ara\u00e7 kiralama y\u00f6netmeli\u011fi ne zaman y\u00fcr\u00fcrl\u00fc\u011fe giriyor?<\/h3>\r\n<p>Motorlu Kara Ta\u015f\u0131tlar\u0131n\u0131n Kiralanmas\u0131 Hakk\u0131nda Y\u00f6netmelik 1 Ocak 2027 tarihinde y\u00fcr\u00fcrl\u00fc\u011fe girecek. Mevcut i\u015fletmelere yetki belgesi almalar\u0131 i\u00e7in 1 Temmuz 2027'ye, ara\u00e7 nitelikleri ve asgari ta\u015f\u0131t say\u0131s\u0131 \u015fartlar\u0131na uyum i\u00e7in 1 Ocak 2028'e kadar s\u00fcre tan\u0131n\u0131yor.<\/p>\r\n \r\n<h3>Kurumsal filo kiralama bu y\u00f6netmeli\u011fe tabi mi?<\/h3>\r\n<p>Y\u00f6netmelik t\u00fcketiciler taraf\u0131ndan yap\u0131lan kiralamalar\u0131 kaps\u0131yor. Kirac\u0131s\u0131 t\u00fcketici olmayan k\u0131sa s\u00fcreli kiralamalar ile uzun s\u00fcreli kiralamalar kapsam d\u0131\u015f\u0131nda b\u0131rak\u0131ld\u0131. Dolay\u0131s\u0131yla kurumsal uzun d\u00f6nem filo kiralama d\u00fczenlemenin do\u011frudan muhatab\u0131 de\u011fil.<\/p>\r\n \r\n<h3>Ara\u00e7 kiralamada ya\u015f s\u0131n\u0131r\u0131 ka\u00e7?<\/h3>\r\n<p>Klasik ta\u015f\u0131tlar hari\u00e7 olmak \u00fczere 6 ya\u015f\u0131ndan b\u00fcy\u00fck ara\u00e7lar kiraya verilemeyecek.<\/p>\r\n \r\n<h3>Kiral\u0131k ara\u00e7larda kilometre s\u0131n\u0131r\u0131 nedir?<\/h3>\r\n<p>Standart ara\u00e7larda 180 bin kilometre, elektrikli ara\u00e7larda ise 300 bin kilometre s\u0131n\u0131r\u0131 uygulanacak. Bu kilometreleri a\u015fan ara\u00e7lar kiralama hizmetinde kullan\u0131lamayacak.<\/p>\r\n \r\n<h3>Ara\u00e7 kiralama yetki belgesi nas\u0131l al\u0131n\u0131r?<\/h3>\r\n<p>Ba\u015fvurular, Ticaret Bakanl\u0131\u011f\u0131 taraf\u0131ndan kurulacak Motorlu Kara Ta\u015f\u0131t\u0131 Kiralama Bilgi Sistemi \u00fczerinden yap\u0131lacak. \u0130\u015fletmenin meslek odas\u0131na kay\u0131tl\u0131 ve vergi m\u00fckellefi olmas\u0131, i\u015f yerinin uygun nitelikte bulunmas\u0131 ve i\u015fletme sorumlusunun MYK Seviye 4 mesleki yeterlilik belgesine sahip olmas\u0131 gerekiyor.<\/p>\r\n \r\n<h3>Ara\u00e7 kiralamada depozito ne kadar olabilir?<\/h3>\r\n<p>Depozito tutar\u0131 7 g\u00fcne kadar olan kiralamalarda 3 g\u00fcnl\u00fck, 29 g\u00fcne kadar olan kiralamalarda 7 g\u00fcnl\u00fck kira bedelini a\u015famayacak. Normal kullan\u0131mdan kaynaklanan y\u0131pranmalar i\u00e7in m\u00fc\u015fteriden ayr\u0131ca \u00fccret talep edilemeyecek.<\/p>\r\n \r\n<h3>Bak\u0131m\u0131 yap\u0131lmam\u0131\u015f ara\u00e7lar kiralanabilir mi?<\/h3>\r\n<p>Hay\u0131r. Periyodik bak\u0131mlar\u0131 zaman\u0131nda yapt\u0131r\u0131lmayan ara\u00e7lar ile a\u011f\u0131r hasar kayd\u0131 bulunan ara\u00e7lar\u0131n kiraya verilmesi yasaklan\u0131yor. Ara\u00e7 ya\u015f ve kilometre \u015fartlar\u0131n\u0131 sa\u011flasa dahi bu kriterler ayr\u0131ca aran\u0131yor.<\/p>\t\t\t\t<\/div>\n\t\t\t\t<\/div>\n\t\t\t\t\t<\/div>\n\t\t\t\t<\/div>\n\t\t\t\t<\/div>\n\t\t","protected":false},"excerpt":{"rendered":"<p>Ticaret Bakanl\u0131\u011f\u0131 taraf\u0131ndan haz\u0131rlanan Motorlu Kara Ta\u015f\u0131tlar\u0131n\u0131n Kiralanmas\u0131 Hakk\u0131nda Y\u00f6netmelik, Resmi Gazete&#8217;de yay\u0131mland\u0131. Yeni ara\u00e7 kiralama y\u00f6netmeli\u011fi 1 Ocak 2027 tarihinde y\u00fcr\u00fcrl\u00fc\u011fe girecek ve kiralamaya konu ara\u00e7lar\u0131n ya\u015f\u0131ndan kilometresine, i\u015fletmelerin yetki belgesinden depozito iadesine kadar geni\u015f bir alan\u0131 yeniden d\u00fczenleyecek. D\u00fczenlemeyi haberlerden takip eden kurumsal filo y\u00f6neticilerinin ilk sorusu \u015fu oluyor: Yeni ara\u00e7 kiralama y\u00f6netmeli\u011fi [&hellip;]<\/p>\n","protected":false},"author":2,"featured_media":1116,"comment_status":"closed","ping_status":"open","sticky":false,"template":"","format":"standard","meta":{"footnotes":""},"categories":[1],"tags":[],"class_list":["post-1115","post","type-post","status-publish","format-standard","has-post-thumbnail","hentry","category-blog-yazilari"],"_links":{"self":[{"href":"https:\/\/fleetintelligence.com.tr\/blog\/wp-json\/wp\/v2\/posts\/1115","targetHints":{"allow":["GET"]}}],"collection":[{"href":"https:\/\/fleetintelligence.com.tr\/blog\/wp-json\/wp\/v2\/posts"}],"about":[{"href":"https:\/\/fleetintelligence.com.tr\/blog\/wp-json\/wp\/v2\/types\/post"}],"author":[{"embeddable":true,"href":"https:\/\/fleetintelligence.com.tr\/blog\/wp-json\/wp\/v2\/users\/2"}],"replies":[{"embeddable":true,"href":"https:\/\/fleetintelligence.com.tr\/blog\/wp-json\/wp\/v2\/comments?post=1115"}],"version-history":[{"count":10,"href":"https:\/\/fleetintelligence.com.tr\/blog\/wp-json\/wp\/v2\/posts\/1115\/revisions"}],"predecessor-version":[{"id":1127,"href":"https:\/\/fleetintelligence.com.tr\/blog\/wp-json\/wp\/v2\/posts\/1115\/revisions\/1127"}],"wp:featuredmedia":[{"embeddable":true,"href":"https:\/\/fleetintelligence.com.tr\/blog\/wp-json\/wp\/v2\/media\/1116"}],"wp:attachment":[{"href":"https:\/\/fleetintelligence.com.tr\/blog\/wp-json\/wp\/v2\/media?parent=1115"}],"wp:term":[{"taxonomy":"category","embeddable":true,"href":"https:\/\/fleetintelligence.com.tr\/blog\/wp-json\/wp\/v2\/categories?post=1115"},{"taxonomy":"post_tag","embeddable":true,"href":"https:\/\/fleetintelligence.com.tr\/blog\/wp-json\/wp\/v2\/tags?post=1115"}],"curies":[{"name":"wp","href":"https:\/\/api.w.org\/{rel}","templated":true}]}}